{"id":56089,"date":"2026-04-05T14:56:00","date_gmt":"2026-04-05T12:56:00","guid":{"rendered":"https:\/\/studio.photrazz.net\/?p=56089"},"modified":"2026-04-05T20:18:10","modified_gmt":"2026-04-05T18:18:10","slug":"gerbeviller","status":"publish","type":"post","link":"https:\/\/studio.photrazz.net\/?p=56089","title":{"rendered":"Gerb\u00e9viller"},"content":{"rendered":"<div class=\"pgc-sgb-cb wp-block-pgcsimplygalleryblock-masonry \" data-gallery-id=\"7cb38300\"><div class=\"sgb-preloader\" id=\"pr_7cb38300\">\n\t<div class=\"sgb-square\" style=\"background:#d4d4d4\"><\/div>\n\t<div class=\"sgb-square\" style=\"background:#d4d4d4\"><\/div>\n\t<div class=\"sgb-square\" style=\"background:#d4d4d4\"><\/div>\n\t<div class=\"sgb-square\" style=\"background:#d4d4d4\"><\/div><\/div><div class=\"simply-gallery-amp pgc_sgb_slider \"><noscript><div class=\"sgb-gallery\"><div class=\"sgb-item\"><a href=\"https:\/\/studio.photrazz.net\/?attachment_id=56107\" target=\"_blank\"><img decoding=\"async\" alt=\"Entre les 100 Jours et Rou, 54830 Gerb\u00e9viller, France \/ 05-04-2026 15:28 \/ 14.39 \u00b0C en bewolkt \/ 289 m\" width=\"3024\" height=\"4032\" loading=\"lazy\" src=\"https:\/\/studio.photrazz.net\/wp-content\/uploads\/IMG_5948-1-rotated.jpeg\" srcset=\",https:\/\/studio.photrazz.net\/wp-content\/uploads\/IMG_5948-1-rotated.jpeg 3024w\" sizes=\"250px\"\/><\/a><div class=\"sgb-item-caption\"><em>Entre les 100 Jours et Rou, 54830 Gerb\u00e9viller, France \/ 05-04-2026 15:28 \/ 14.39 \u00b0C en bewolkt \/ 289 m<\/em><\/div><\/div><div class=\"sgb-item\"><a href=\"https:\/\/studio.photrazz.net\/?attachment_id=56091\" target=\"_blank\"><img decoding=\"async\" alt=\"33 Rue Saint-Pierre, 54830 Gerb\u00e9viller, France \/ 05-04-2026 14:40 \/ 14.66 \u00b0C en bewolkt \/ 241 m\" width=\"4032\" height=\"3024\" loading=\"lazy\" src=\"https:\/\/studio.photrazz.net\/wp-content\/uploads\/IMG_5924.jpeg\" srcset=\",https:\/\/studio.photrazz.net\/wp-content\/uploads\/IMG_5924.jpeg 4032w\" sizes=\"250px\"\/><\/a><div class=\"sgb-item-caption\"><em>33 Rue Saint-Pierre, 54830 Gerb\u00e9viller, France \/ 05-04-2026 14:40 \/ 14.66 \u00b0C en bewolkt \/ 241 m<\/em><\/div><\/div><div class=\"sgb-item\"><a href=\"https:\/\/studio.photrazz.net\/?attachment_id=56103\" target=\"_blank\"><img decoding=\"async\" alt=\"FGQG+JX Gerb\u00e9viller, France \/ 05-04-2026 15:12 \/ 14.59 \u00b0C en bewolkt \/ 268 m\" width=\"4032\" height=\"3024\" loading=\"lazy\" src=\"https:\/\/studio.photrazz.net\/wp-content\/uploads\/IMG_5943.jpeg\" srcset=\",https:\/\/studio.photrazz.net\/wp-content\/uploads\/IMG_5943.jpeg 4032w\" sizes=\"250px\"\/><\/a><div class=\"sgb-item-caption\"><em>FGQG+JX Gerb\u00e9viller, France \/ 05-04-2026 15:12 \/ 14.59 \u00b0C en bewolkt \/ 268 m<\/em><\/div><\/div><div class=\"sgb-item\"><a href=\"https:\/\/studio.photrazz.net\/?attachment_id=56097\" target=\"_blank\"><img decoding=\"async\" alt=\"FGPF+RM Gerb\u00e9viller, France \/ 05-04-2026 15:03 \/ 14.69 \u00b0C en bewolkt \/ 235 m\" width=\"3024\" height=\"4032\" loading=\"lazy\" src=\"https:\/\/studio.photrazz.net\/wp-content\/uploads\/IMG_5936-1-rotated.jpeg\" srcset=\",https:\/\/studio.photrazz.net\/wp-content\/uploads\/IMG_5936-1-rotated.jpeg 3024w\" sizes=\"250px\"\/><\/a><div class=\"sgb-item-caption\"><em>FGPF+RM Gerb\u00e9viller, France \/ 05-04-2026 15:03 \/ 14.69 \u00b0C en bewolkt \/ 235 m<\/em><\/div><\/div><div class=\"sgb-item\"><a href=\"https:\/\/studio.photrazz.net\/?attachment_id=56102\" target=\"_blank\"><img decoding=\"async\" alt=\"FGPF+VV Gerb\u00e9viller, France \/ 05-04-2026 15:05 \/ 14.69 \u00b0C en bewolkt \/ 236 m\" width=\"4032\" height=\"3024\" loading=\"lazy\" src=\"https:\/\/studio.photrazz.net\/wp-content\/uploads\/IMG_5940.jpeg\" srcset=\",https:\/\/studio.photrazz.net\/wp-content\/uploads\/IMG_5940.jpeg 4032w\" sizes=\"250px\"\/><\/a><div class=\"sgb-item-caption\"><em>FGPF+VV Gerb\u00e9viller, France \/ 05-04-2026 15:05 \/ 14.69 \u00b0C en bewolkt \/ 236 m<\/em><\/div><\/div><div class=\"sgb-item\"><a href=\"https:\/\/studio.photrazz.net\/?attachment_id=56101\" target=\"_blank\"><img decoding=\"async\" alt=\"FGPF+VR Gerb\u00e9viller, France \/ 05-04-2026 15:04 \/ 14.69 \u00b0C en bewolkt \/ 235 m\" width=\"4032\" height=\"3024\" loading=\"lazy\" src=\"https:\/\/studio.photrazz.net\/wp-content\/uploads\/IMG_5939.jpeg\" srcset=\",https:\/\/studio.photrazz.net\/wp-content\/uploads\/IMG_5939.jpeg 4032w\" sizes=\"250px\"\/><\/a><div class=\"sgb-item-caption\"><em>FGPF+VR Gerb\u00e9viller, France \/ 05-04-2026 15:04 \/ 14.69 \u00b0C en bewolkt \/ 235 m<\/em><\/div><\/div><div class=\"sgb-item\"><a href=\"https:\/\/studio.photrazz.net\/?attachment_id=56098\" target=\"_blank\"><img decoding=\"async\" alt=\"FGPF+RM Gerb\u00e9viller, France \/ 05-04-2026 15:03 \/ 14.69 \u00b0C en bewolkt \/ 236 m\" width=\"3024\" height=\"4032\" loading=\"lazy\" src=\"https:\/\/studio.photrazz.net\/wp-content\/uploads\/IMG_5937-1-rotated.jpeg\" srcset=\",https:\/\/studio.photrazz.net\/wp-content\/uploads\/IMG_5937-1-rotated.jpeg 3024w\" sizes=\"250px\"\/><\/a><div class=\"sgb-item-caption\"><em>FGPF+RM Gerb\u00e9viller, France \/ 05-04-2026 15:03 \/ 14.69 \u00b0C en bewolkt \/ 236 m<\/em><\/div><\/div><div class=\"sgb-item\"><a href=\"https:\/\/studio.photrazz.net\/?attachment_id=56096\" target=\"_blank\"><img decoding=\"async\" alt=\"15 Chem. de la C\u00f4t\u00e9 Valli\u00e8re, 54830 Gerb\u00e9viller, France \/ 05-04-2026 14:58 \/ 14.65 \u00b0C en bewolkt \/ 247 m\" width=\"4032\" height=\"3024\" loading=\"lazy\" src=\"https:\/\/studio.photrazz.net\/wp-content\/uploads\/IMG_5933.jpeg\" srcset=\",https:\/\/studio.photrazz.net\/wp-content\/uploads\/IMG_5933.jpeg 4032w\" sizes=\"250px\"\/><\/a><div class=\"sgb-item-caption\"><em>15 Chem. de la C\u00f4t\u00e9 Valli\u00e8re, 54830 Gerb\u00e9viller, France \/ 05-04-2026 14:58 \/ 14.65 \u00b0C en bewolkt \/ 247 m<\/em><\/div><\/div><div class=\"sgb-item\"><a href=\"https:\/\/studio.photrazz.net\/?attachment_id=56095\" target=\"_blank\"><img decoding=\"async\" alt=\"15 Chem. de la C\u00f4t\u00e9 Valli\u00e8re, 54830 Gerb\u00e9viller, France \/ 05-04-2026 14:58 \/ 14.65 \u00b0C en bewolkt \/ 248 m\" width=\"4032\" height=\"3024\" loading=\"lazy\" src=\"https:\/\/studio.photrazz.net\/wp-content\/uploads\/IMG_5932-1.jpeg\" srcset=\",https:\/\/studio.photrazz.net\/wp-content\/uploads\/IMG_5932-1.jpeg 4032w\" sizes=\"250px\"\/><\/a><div class=\"sgb-item-caption\"><em>15 Chem. de la C\u00f4t\u00e9 Valli\u00e8re, 54830 Gerb\u00e9viller, France \/ 05-04-2026 14:58 \/ 14.65 \u00b0C en bewolkt \/ 248 m<\/em><\/div><\/div><div class=\"sgb-item\"><a href=\"https:\/\/studio.photrazz.net\/?attachment_id=56094\" target=\"_blank\"><img decoding=\"async\" alt=\"15 Rte de Seranville, 54830 Gerb\u00e9viller, France \/ 05-04-2026 14:56 \/ 14.65 \u00b0C en bewolkt \/ 248 m\" width=\"4032\" height=\"3024\" loading=\"lazy\" src=\"https:\/\/studio.photrazz.net\/wp-content\/uploads\/IMG_5930.jpeg\" srcset=\",https:\/\/studio.photrazz.net\/wp-content\/uploads\/IMG_5930.jpeg 4032w\" sizes=\"250px\"\/><\/a><div class=\"sgb-item-caption\"><em>15 Rte de Seranville, 54830 Gerb\u00e9viller, France \/ 05-04-2026 14:56 \/ 14.65 \u00b0C en bewolkt \/ 248 m<\/em><\/div><\/div><div class=\"sgb-item\"><a href=\"https:\/\/studio.photrazz.net\/?attachment_id=56093\" target=\"_blank\"><img decoding=\"async\" alt=\"15 Rte de Seranville, 54830 Gerb\u00e9viller, France \/ 05-04-2026 14:55 \/ 14.65 \u00b0C en bewolkt \/ 248 m\" width=\"3024\" height=\"4032\" loading=\"lazy\" src=\"https:\/\/studio.photrazz.net\/wp-content\/uploads\/IMG_5928-1-rotated.jpeg\" srcset=\",https:\/\/studio.photrazz.net\/wp-content\/uploads\/IMG_5928-1-rotated.jpeg 3024w\" sizes=\"250px\"\/><\/a><div class=\"sgb-item-caption\"><em>15 Rte de Seranville, 54830 Gerb\u00e9viller, France \/ 05-04-2026 14:55 \/ 14.65 \u00b0C en bewolkt \/ 248 m<\/em><\/div><\/div><div class=\"sgb-item\"><a href=\"https:\/\/studio.photrazz.net\/?attachment_id=56108\" target=\"_blank\"><img decoding=\"async\" alt=\"13 Rue de l&#039;Adjudant Ch\u00e8vre, 54830 Gerb\u00e9viller, France \/ 05-04-2026 16:22 \/ 15.84 \u00b0C en bewolkt \/ 233 m\" width=\"4032\" height=\"3024\" loading=\"lazy\" src=\"https:\/\/studio.photrazz.net\/wp-content\/uploads\/IMG_5951-1.jpeg\" srcset=\",https:\/\/studio.photrazz.net\/wp-content\/uploads\/IMG_5951-1.jpeg 4032w\" sizes=\"250px\"\/><\/a><div class=\"sgb-item-caption\"><em>13 Rue de l&#8217;Adjudant Ch\u00e8vre, 54830 Gerb\u00e9viller, France \/ 05-04-2026 16:22 \/ 15.84 \u00b0C en bewolkt \/ 233 m<\/em><\/div><\/div><div class=\"sgb-item\"><a href=\"https:\/\/studio.photrazz.net\/?attachment_id=56092\" target=\"_blank\"><img decoding=\"async\" alt=\"13 Rte de Seranville, 54830 Gerb\u00e9viller, France \/ 05-04-2026 14:54 \/ 14.65 \u00b0C en bewolkt \/ 249 m\" width=\"4032\" height=\"3024\" loading=\"lazy\" src=\"https:\/\/studio.photrazz.net\/wp-content\/uploads\/IMG_5926.jpeg\" srcset=\",https:\/\/studio.photrazz.net\/wp-content\/uploads\/IMG_5926.jpeg 4032w\" sizes=\"250px\"\/><\/a><div class=\"sgb-item-caption\"><em>13 Rte de Seranville, 54830 Gerb\u00e9viller, France \/ 05-04-2026 14:54 \/ 14.65 \u00b0C en bewolkt \/ 249 m<\/em><\/div><\/div><div class=\"sgb-item\"><a href=\"https:\/\/studio.photrazz.net\/?attachment_id=56085\" target=\"_blank\"><img decoding=\"async\" alt=\"2 Rue du Canal, 54830 Gerb\u00e9viller, France \/ 05-04-2026 14:35 \/ 14.65 \u00b0C en bewolkt \/ 235 m\" width=\"4032\" height=\"3024\" loading=\"lazy\" src=\"https:\/\/studio.photrazz.net\/wp-content\/uploads\/IMG_5921-1.jpeg\" srcset=\",https:\/\/studio.photrazz.net\/wp-content\/uploads\/IMG_5921-1.jpeg 4032w\" sizes=\"250px\"\/><\/a><div class=\"sgb-item-caption\"><em>2 Rue du Canal, 54830 Gerb\u00e9viller, France \/ 05-04-2026 14:35 \/ 14.65 \u00b0C en bewolkt \/ 235 m<\/em><\/div><\/div><\/div><\/noscript><\/div><script type=\"application\/json\" class=\"sgb-data\">{\"collectionColumns\":2,\"thumbSpacing\":16,\"externalLink\":false,\"collectionthumbHoverTitleFontSize\":10,\"collectionthumbHoverTitleTextBgColor\":\"rgba(0,0,0,0)\",\"collectionthumbHoverBgColor\":\"rgba(0,0,0,0)\",\"collectionThumbSubMenuDownload\":false,\"collectionThumbSubMenuShare\":false,\"isPremium\":true,\"galleryType\":\"pgc_sgb_masonry\",\"galleryId\":\"7cb38300\",\"images\":[{\"id\":56107,\"title\":\"05-04-2026 15:28\",\"url\":\"https:\/\/studio.photrazz.net\/wp-content\/uploads\/IMG_5948-1-rotated.jpeg\",\"link\":\"https:\/\/studio.photrazz.net\/?attachment_id=56107\",\"alt\":\"Entre les 100 Jours et Rou, 54830 Gerb\u00e9viller, France \/ 05-04-2026 15:28 \/ 14.39 \u00b0C en bewolkt \/ 289 m\",\"description\":\"\",\"caption\":\"Entre les 100 Jours et Rou, 54830 Gerb\u00e9viller, France \/ 05-04-2026 15:28 \/ 14.39 \u00b0C en bewolkt \/ 289 m\",\"mime\":\"image\/jpeg\",\"type\":\"image\",\"width\":3024,\"height\":4032,\"sizes\":{\"full\":{\"url\":\"https:\/\/studio.photrazz.net\/wp-content\/uploads\/IMG_5948-1-rotated.jpeg\",\"height\":4032,\"width\":3024,\"orientation\":\"portrait\"}},\"imageMeta\":{\"aperture\":\"1.6\",\"credit\":\"\",\"camera\":\"iPhone 12\",\"caption\":\"\",\"created_timestamp\":\"1775402939\",\"copyright\":\"\",\"focal_length\":\"4.2\",\"iso\":\"32\",\"shutter_speed\":\"0.00026802465826856\",\"title\":\"\",\"orientation\":1,\"keywords\":[]},\"meta\":false,\"postlink\":\"https:\/\/studio.photrazz.net\/?attachment_id=56107\"},{\"id\":56091,\"title\":\"05-04-2026 14:40\",\"url\":\"https:\/\/studio.photrazz.net\/wp-content\/uploads\/IMG_5924.jpeg\",\"link\":\"https:\/\/studio.photrazz.net\/?attachment_id=56091\",\"alt\":\"33 Rue Saint-Pierre, 54830 Gerb\u00e9viller, France \/ 05-04-2026 14:40 \/ 14.66 \u00b0C en bewolkt \/ 241 m\",\"description\":\"\",\"caption\":\"33 Rue Saint-Pierre, 54830 Gerb\u00e9viller, France \/ 05-04-2026 14:40 \/ 14.66 \u00b0C en bewolkt \/ 241 m\",\"mime\":\"image\/jpeg\",\"type\":\"image\",\"width\":4032,\"height\":3024,\"sizes\":{\"full\":{\"url\":\"https:\/\/studio.photrazz.net\/wp-content\/uploads\/IMG_5924.jpeg\",\"height\":3024,\"width\":4032,\"orientation\":\"landscape\"}},\"imageMeta\":{\"aperture\":\"1.6\",\"credit\":\"\",\"camera\":\"iPhone 12\",\"caption\":\"\",\"created_timestamp\":\"1775400015\",\"copyright\":\"\",\"focal_length\":\"4.2\",\"iso\":\"32\",\"shutter_speed\":\"0.00022401433691756\",\"title\":\"\",\"orientation\":\"1\",\"keywords\":[]},\"meta\":false,\"postlink\":\"https:\/\/studio.photrazz.net\/?attachment_id=56091\"},{\"id\":56103,\"title\":\"05-04-2026 15:12\",\"url\":\"https:\/\/studio.photrazz.net\/wp-content\/uploads\/IMG_5943.jpeg\",\"link\":\"https:\/\/studio.photrazz.net\/?attachment_id=56103\",\"alt\":\"FGQG+JX Gerb\u00e9viller, France \/ 05-04-2026 15:12 \/ 14.59 \u00b0C en bewolkt \/ 268 m\",\"description\":\"\",\"caption\":\"FGQG+JX Gerb\u00e9viller, France \/ 05-04-2026 15:12 \/ 14.59 \u00b0C en bewolkt \/ 268 m\",\"mime\":\"image\/jpeg\",\"type\":\"image\",\"width\":4032,\"height\":3024,\"sizes\":{\"full\":{\"url\":\"https:\/\/studio.photrazz.net\/wp-content\/uploads\/IMG_5943.jpeg\",\"height\":3024,\"width\":4032,\"orientation\":\"landscape\"}},\"imageMeta\":{\"aperture\":\"1.6\",\"credit\":\"\",\"camera\":\"iPhone 12\",\"caption\":\"\",\"created_timestamp\":\"1775401975\",\"copyright\":\"\",\"focal_length\":\"4.2\",\"iso\":\"32\",\"shutter_speed\":\"0.00068823124569855\",\"title\":\"\",\"orientation\":\"1\",\"keywords\":[]},\"meta\":false,\"postlink\":\"https:\/\/studio.photrazz.net\/?attachment_id=56103\"},{\"id\":56097,\"title\":\"05-04-2026 15:03\",\"url\":\"https:\/\/studio.photrazz.net\/wp-content\/uploads\/IMG_5936-1-rotated.jpeg\",\"link\":\"https:\/\/studio.photrazz.net\/?attachment_id=56097\",\"alt\":\"FGPF+RM Gerb\u00e9viller, France \/ 05-04-2026 15:03 \/ 14.69 \u00b0C en bewolkt \/ 235 m\",\"description\":\"\",\"caption\":\"FGPF+RM Gerb\u00e9viller, France \/ 05-04-2026 15:03 \/ 14.69 \u00b0C en bewolkt \/ 235 m\",\"mime\":\"image\/jpeg\",\"type\":\"image\",\"width\":3024,\"height\":4032,\"sizes\":{\"full\":{\"url\":\"https:\/\/studio.photrazz.net\/wp-content\/uploads\/IMG_5936-1-rotated.jpeg\",\"height\":4032,\"width\":3024,\"orientation\":\"portrait\"}},\"imageMeta\":{\"aperture\":\"1.6\",\"credit\":\"\",\"camera\":\"iPhone 12\",\"caption\":\"\",\"created_timestamp\":\"1775401412\",\"copyright\":\"\",\"focal_length\":\"4.2\",\"iso\":\"32\",\"shutter_speed\":\"0.00041701417848207\",\"title\":\"\",\"orientation\":1,\"keywords\":[]},\"meta\":false,\"postlink\":\"https:\/\/studio.photrazz.net\/?attachment_id=56097\"},{\"id\":56102,\"title\":\"05-04-2026 15:05\",\"url\":\"https:\/\/studio.photrazz.net\/wp-content\/uploads\/IMG_5940.jpeg\",\"link\":\"https:\/\/studio.photrazz.net\/?attachment_id=56102\",\"alt\":\"FGPF+VV Gerb\u00e9viller, France \/ 05-04-2026 15:05 \/ 14.69 \u00b0C en bewolkt \/ 236 m\",\"description\":\"\",\"caption\":\"FGPF+VV Gerb\u00e9viller, France \/ 05-04-2026 15:05 \/ 14.69 \u00b0C en bewolkt \/ 236 m\",\"mime\":\"image\/jpeg\",\"type\":\"image\",\"width\":4032,\"height\":3024,\"sizes\":{\"full\":{\"url\":\"https:\/\/studio.photrazz.net\/wp-content\/uploads\/IMG_5940.jpeg\",\"height\":3024,\"width\":4032,\"orientation\":\"landscape\"}},\"imageMeta\":{\"aperture\":\"1.6\",\"credit\":\"\",\"camera\":\"iPhone 12\",\"caption\":\"\",\"created_timestamp\":\"1775401525\",\"copyright\":\"\",\"focal_length\":\"4.2\",\"iso\":\"32\",\"shutter_speed\":\"0.00032\",\"title\":\"\",\"orientation\":\"1\",\"keywords\":[]},\"meta\":false,\"postlink\":\"https:\/\/studio.photrazz.net\/?attachment_id=56102\"},{\"id\":56101,\"title\":\"05-04-2026 15:04\",\"url\":\"https:\/\/studio.photrazz.net\/wp-content\/uploads\/IMG_5939.jpeg\",\"link\":\"https:\/\/studio.photrazz.net\/?attachment_id=56101\",\"alt\":\"FGPF+VR Gerb\u00e9viller, France \/ 05-04-2026 15:04 \/ 14.69 \u00b0C en bewolkt \/ 235 m\",\"description\":\"\",\"caption\":\"FGPF+VR Gerb\u00e9viller, France \/ 05-04-2026 15:04 \/ 14.69 \u00b0C en bewolkt \/ 235 m\",\"mime\":\"image\/jpeg\",\"type\":\"image\",\"width\":4032,\"height\":3024,\"sizes\":{\"full\":{\"url\":\"https:\/\/studio.photrazz.net\/wp-content\/uploads\/IMG_5939.jpeg\",\"height\":3024,\"width\":4032,\"orientation\":\"landscape\"}},\"imageMeta\":{\"aperture\":\"1.6\",\"credit\":\"\",\"camera\":\"iPhone 12\",\"caption\":\"\",\"created_timestamp\":\"1775401483\",\"copyright\":\"\",\"focal_length\":\"4.2\",\"iso\":\"32\",\"shutter_speed\":\"0.00039904229848364\",\"title\":\"\",\"orientation\":\"1\",\"keywords\":[]},\"meta\":false,\"postlink\":\"https:\/\/studio.photrazz.net\/?attachment_id=56101\"},{\"id\":56098,\"title\":\"05-04-2026 15:03\",\"url\":\"https:\/\/studio.photrazz.net\/wp-content\/uploads\/IMG_5937-1-rotated.jpeg\",\"link\":\"https:\/\/studio.photrazz.net\/?attachment_id=56098\",\"alt\":\"FGPF+RM Gerb\u00e9viller, France \/ 05-04-2026 15:03 \/ 14.69 \u00b0C en bewolkt \/ 236 m\",\"description\":\"\",\"caption\":\"FGPF+RM Gerb\u00e9viller, France \/ 05-04-2026 15:03 \/ 14.69 \u00b0C en bewolkt \/ 236 m\",\"mime\":\"image\/jpeg\",\"type\":\"image\",\"width\":3024,\"height\":4032,\"sizes\":{\"full\":{\"url\":\"https:\/\/studio.photrazz.net\/wp-content\/uploads\/IMG_5937-1-rotated.jpeg\",\"height\":4032,\"width\":3024,\"orientation\":\"portrait\"}},\"imageMeta\":{\"aperture\":\"1.6\",\"credit\":\"\",\"camera\":\"iPhone 12\",\"caption\":\"\",\"created_timestamp\":\"1775401427\",\"copyright\":\"\",\"focal_length\":\"4.2\",\"iso\":\"32\",\"shutter_speed\":\"0.0004950495049505\",\"title\":\"\",\"orientation\":1,\"keywords\":[]},\"meta\":false,\"postlink\":\"https:\/\/studio.photrazz.net\/?attachment_id=56098\"},{\"id\":56096,\"title\":\"05-04-2026 14:58\",\"url\":\"https:\/\/studio.photrazz.net\/wp-content\/uploads\/IMG_5933.jpeg\",\"link\":\"https:\/\/studio.photrazz.net\/?attachment_id=56096\",\"alt\":\"15 Chem. de la C\u00f4t\u00e9 Valli\u00e8re, 54830 Gerb\u00e9viller, France \/ 05-04-2026 14:58 \/ 14.65 \u00b0C en bewolkt \/ 247 m\",\"description\":\"\",\"caption\":\"15 Chem. de la C\u00f4t\u00e9 Valli\u00e8re, 54830 Gerb\u00e9viller, France \/ 05-04-2026 14:58 \/ 14.65 \u00b0C en bewolkt \/ 247 m\",\"mime\":\"image\/jpeg\",\"type\":\"image\",\"width\":4032,\"height\":3024,\"sizes\":{\"full\":{\"url\":\"https:\/\/studio.photrazz.net\/wp-content\/uploads\/IMG_5933.jpeg\",\"height\":3024,\"width\":4032,\"orientation\":\"landscape\"}},\"imageMeta\":{\"aperture\":\"1.6\",\"credit\":\"\",\"camera\":\"iPhone 12\",\"caption\":\"\",\"created_timestamp\":\"1775401108\",\"copyright\":\"\",\"focal_length\":\"4.2\",\"iso\":\"32\",\"shutter_speed\":\"0.0029673590504451\",\"title\":\"\",\"orientation\":\"1\",\"keywords\":[]},\"meta\":false,\"postlink\":\"https:\/\/studio.photrazz.net\/?attachment_id=56096\"},{\"id\":56095,\"title\":\"05-04-2026 14:58\",\"url\":\"https:\/\/studio.photrazz.net\/wp-content\/uploads\/IMG_5932-1.jpeg\",\"link\":\"https:\/\/studio.photrazz.net\/?attachment_id=56095\",\"alt\":\"15 Chem. de la C\u00f4t\u00e9 Valli\u00e8re, 54830 Gerb\u00e9viller, France \/ 05-04-2026 14:58 \/ 14.65 \u00b0C en bewolkt \/ 248 m\",\"description\":\"\",\"caption\":\"15 Chem. de la C\u00f4t\u00e9 Valli\u00e8re, 54830 Gerb\u00e9viller, France \/ 05-04-2026 14:58 \/ 14.65 \u00b0C en bewolkt \/ 248 m\",\"mime\":\"image\/jpeg\",\"type\":\"image\",\"width\":4032,\"height\":3024,\"sizes\":{\"full\":{\"url\":\"https:\/\/studio.photrazz.net\/wp-content\/uploads\/IMG_5932-1.jpeg\",\"height\":3024,\"width\":4032,\"orientation\":\"landscape\"}},\"imageMeta\":{\"aperture\":\"1.6\",\"credit\":\"\",\"camera\":\"iPhone 12\",\"caption\":\"\",\"created_timestamp\":\"1775401086\",\"copyright\":\"\",\"focal_length\":\"4.2\",\"iso\":\"32\",\"shutter_speed\":\"0.00059206631142688\",\"title\":\"\",\"orientation\":\"1\",\"keywords\":[]},\"meta\":false,\"postlink\":\"https:\/\/studio.photrazz.net\/?attachment_id=56095\"},{\"id\":56094,\"title\":\"05-04-2026 14:56\",\"url\":\"https:\/\/studio.photrazz.net\/wp-content\/uploads\/IMG_5930.jpeg\",\"link\":\"https:\/\/studio.photrazz.net\/?attachment_id=56094\",\"alt\":\"15 Rte de Seranville, 54830 Gerb\u00e9viller, France \/ 05-04-2026 14:56 \/ 14.65 \u00b0C en bewolkt \/ 248 m\",\"description\":\"\",\"caption\":\"15 Rte de Seranville, 54830 Gerb\u00e9viller, France \/ 05-04-2026 14:56 \/ 14.65 \u00b0C en bewolkt \/ 248 m\",\"mime\":\"image\/jpeg\",\"type\":\"image\",\"width\":4032,\"height\":3024,\"sizes\":{\"full\":{\"url\":\"https:\/\/studio.photrazz.net\/wp-content\/uploads\/IMG_5930.jpeg\",\"height\":3024,\"width\":4032,\"orientation\":\"landscape\"}},\"imageMeta\":{\"aperture\":\"1.6\",\"credit\":\"\",\"camera\":\"iPhone 12\",\"caption\":\"\",\"created_timestamp\":\"1775400998\",\"copyright\":\"\",\"focal_length\":\"4.2\",\"iso\":\"32\",\"shutter_speed\":\"0.00023299161230196\",\"title\":\"\",\"orientation\":\"1\",\"keywords\":[]},\"meta\":false,\"postlink\":\"https:\/\/studio.photrazz.net\/?attachment_id=56094\"},{\"id\":56093,\"title\":\"05-04-2026 14:55\",\"url\":\"https:\/\/studio.photrazz.net\/wp-content\/uploads\/IMG_5928-1-rotated.jpeg\",\"link\":\"https:\/\/studio.photrazz.net\/?attachment_id=56093\",\"alt\":\"15 Rte de Seranville, 54830 Gerb\u00e9viller, France \/ 05-04-2026 14:55 \/ 14.65 \u00b0C en bewolkt \/ 248 m\",\"description\":\"\",\"caption\":\"15 Rte de Seranville, 54830 Gerb\u00e9viller, France \/ 05-04-2026 14:55 \/ 14.65 \u00b0C en bewolkt \/ 248 m\",\"mime\":\"image\/jpeg\",\"type\":\"image\",\"width\":3024,\"height\":4032,\"sizes\":{\"full\":{\"url\":\"https:\/\/studio.photrazz.net\/wp-content\/uploads\/IMG_5928-1-rotated.jpeg\",\"height\":4032,\"width\":3024,\"orientation\":\"portrait\"}},\"imageMeta\":{\"aperture\":\"1.6\",\"credit\":\"\",\"camera\":\"iPhone 12\",\"caption\":\"\",\"created_timestamp\":\"1775400955\",\"copyright\":\"\",\"focal_length\":\"4.2\",\"iso\":\"32\",\"shutter_speed\":\"0.00066181336863005\",\"title\":\"\",\"orientation\":1,\"keywords\":[]},\"meta\":false,\"postlink\":\"https:\/\/studio.photrazz.net\/?attachment_id=56093\"},{\"id\":56108,\"title\":\"05-04-2026 16:22\",\"url\":\"https:\/\/studio.photrazz.net\/wp-content\/uploads\/IMG_5951-1.jpeg\",\"link\":\"https:\/\/studio.photrazz.net\/?attachment_id=56108\",\"alt\":\"13 Rue de l\\u0026#039;Adjudant Ch\u00e8vre, 54830 Gerb\u00e9viller, France \/ 05-04-2026 16:22 \/ 15.84 \u00b0C en bewolkt \/ 233 m\",\"description\":\"\",\"caption\":\"13 Rue de l'Adjudant Ch\u00e8vre, 54830 Gerb\u00e9viller, France \/ 05-04-2026 16:22 \/ 15.84 \u00b0C en bewolkt \/ 233 m\",\"mime\":\"image\/jpeg\",\"type\":\"image\",\"width\":4032,\"height\":3024,\"sizes\":{\"full\":{\"url\":\"https:\/\/studio.photrazz.net\/wp-content\/uploads\/IMG_5951-1.jpeg\",\"height\":3024,\"width\":4032,\"orientation\":\"landscape\"}},\"imageMeta\":{\"aperture\":\"1.6\",\"credit\":\"\",\"camera\":\"iPhone 12\",\"caption\":\"\",\"created_timestamp\":\"1775406159\",\"copyright\":\"\",\"focal_length\":\"4.2\",\"iso\":\"32\",\"shutter_speed\":\"0.00044306601683651\",\"title\":\"\",\"orientation\":\"1\",\"keywords\":[]},\"meta\":false,\"postlink\":\"https:\/\/studio.photrazz.net\/?attachment_id=56108\"},{\"id\":56092,\"title\":\"05-04-2026 14:54\",\"url\":\"https:\/\/studio.photrazz.net\/wp-content\/uploads\/IMG_5926.jpeg\",\"link\":\"https:\/\/studio.photrazz.net\/?attachment_id=56092\",\"alt\":\"13 Rte de Seranville, 54830 Gerb\u00e9viller, France \/ 05-04-2026 14:54 \/ 14.65 \u00b0C en bewolkt \/ 249 m\",\"description\":\"\",\"caption\":\"13 Rte de Seranville, 54830 Gerb\u00e9viller, France \/ 05-04-2026 14:54 \/ 14.65 \u00b0C en bewolkt \/ 249 m\",\"mime\":\"image\/jpeg\",\"type\":\"image\",\"width\":4032,\"height\":3024,\"sizes\":{\"full\":{\"url\":\"https:\/\/studio.photrazz.net\/wp-content\/uploads\/IMG_5926.jpeg\",\"height\":3024,\"width\":4032,\"orientation\":\"landscape\"}},\"imageMeta\":{\"aperture\":\"1.6\",\"credit\":\"\",\"camera\":\"iPhone 12\",\"caption\":\"\",\"created_timestamp\":\"1775400899\",\"copyright\":\"\",\"focal_length\":\"4.2\",\"iso\":\"32\",\"shutter_speed\":\"0.00028498147620405\",\"title\":\"\",\"orientation\":\"1\",\"keywords\":[]},\"meta\":false,\"postlink\":\"https:\/\/studio.photrazz.net\/?attachment_id=56092\"},{\"id\":56085,\"title\":\"05-04-2026 14:35\",\"url\":\"https:\/\/studio.photrazz.net\/wp-content\/uploads\/IMG_5921-1.jpeg\",\"link\":\"https:\/\/studio.photrazz.net\/?attachment_id=56085\",\"alt\":\"2 Rue du Canal, 54830 Gerb\u00e9viller, France \/ 05-04-2026 14:35 \/ 14.65 \u00b0C en bewolkt \/ 235 m\",\"description\":\"\",\"caption\":\"2 Rue du Canal, 54830 Gerb\u00e9viller, France \/ 05-04-2026 14:35 \/ 14.65 \u00b0C en bewolkt \/ 235 m\",\"mime\":\"image\/jpeg\",\"type\":\"image\",\"width\":4032,\"height\":3024,\"sizes\":{\"full\":{\"url\":\"https:\/\/studio.photrazz.net\/wp-content\/uploads\/IMG_5921-1.jpeg\",\"height\":3024,\"width\":4032,\"orientation\":\"landscape\"}},\"imageMeta\":{\"aperture\":\"1.6\",\"credit\":\"\",\"camera\":\"iPhone 12\",\"caption\":\"\",\"created_timestamp\":\"1775399702\",\"copyright\":\"\",\"focal_length\":\"4.2\",\"iso\":\"32\",\"shutter_speed\":\"0.00018900018900019\",\"title\":\"\",\"orientation\":\"1\",\"keywords\":[]},\"meta\":false,\"postlink\":\"https:\/\/studio.photrazz.net\/?attachment_id=56085\"}],\"useClobalSettings\":true,\"lazyLoading\":false,\"galleryBgColor\":\"rgba(63,58,58,1)\",\"shareFacebook\":false,\"shareTwitter\":false,\"sharePinterest\":false,\"sliderItemDownload\":false,\"shareCopyLink\":false,\"sliderItemCounterEnable\":false,\"sliderItemTitleFontSize\":24,\"sliderThumbBarEnable\":false,\"sliderBgColor\":\"rgba(63,58,58,1)\",\"sliderHeaderFooterBgColor\":\"rgba(63,58,58,1)\",\"sliderSocialShareEnabled\":false,\"itemsMetaDataCollection\":[]}<\/script><script>(function(){if(window.PGC_SGB && window.PGC_SGB.searcher){window.PGC_SGB.searcher.initBlocks()}})()<\/script><\/div>","protected":false},"excerpt":{"rendered":"<p><img decoding=\"async\" src=\"https:\/\/flagcdn.com\/84x63\/fr.png\"><\/p>\n","protected":false},"author":1,"featured_media":56088,"comment_status":"closed","ping_status":"open","sticky":false,"template":"","format":"image","meta":{"_acf_changed":false,"_et_pb_use_builder":"","_et_pb_old_content":"","_et_gb_content_width":"","pgc_sgb_lightbox_settings":"","footnotes":""},"categories":[4209],"tags":[2967],"class_list":["post-56089","post","type-post","status-publish","format-image","has-post-thumbnail","hentry","category-camperd6","tag-filleafletgalerijenshortcodes","post_format-post-format-image"],"acf":[],"_links":{"self":[{"href":"https:\/\/studio.photrazz.net\/index.php?rest_route=\/wp\/v2\/posts\/56089","targetHints":{"allow":["GET"]}}],"collection":[{"href":"https:\/\/studio.photrazz.net\/index.php?rest_route=\/wp\/v2\/posts"}],"about":[{"href":"https:\/\/studio.photrazz.net\/index.php?rest_route=\/wp\/v2\/types\/post"}],"author":[{"embeddable":true,"href":"https:\/\/studio.photrazz.net\/index.php?rest_route=\/wp\/v2\/users\/1"}],"replies":[{"embeddable":true,"href":"https:\/\/studio.photrazz.net\/index.php?rest_route=%2Fwp%2Fv2%2Fcomments&post=56089"}],"version-history":[{"count":2,"href":"https:\/\/studio.photrazz.net\/index.php?rest_route=\/wp\/v2\/posts\/56089\/revisions"}],"predecessor-version":[{"id":56117,"href":"https:\/\/studio.photrazz.net\/index.php?rest_route=\/wp\/v2\/posts\/56089\/revisions\/56117"}],"wp:featuredmedia":[{"embeddable":true,"href":"https:\/\/studio.photrazz.net\/index.php?rest_route=\/wp\/v2\/media\/56088"}],"wp:attachment":[{"href":"https:\/\/studio.photrazz.net\/index.php?rest_route=%2Fwp%2Fv2%2Fmedia&parent=56089"}],"wp:term":[{"taxonomy":"category","embeddable":true,"href":"https:\/\/studio.photrazz.net\/index.php?rest_route=%2Fwp%2Fv2%2Fcategories&post=56089"},{"taxonomy":"post_tag","embeddable":true,"href":"https:\/\/studio.photrazz.net\/index.php?rest_route=%2Fwp%2Fv2%2Ftags&post=56089"}],"curies":[{"name":"wp","href":"https:\/\/api.w.org\/{rel}","templated":true}]}}