{"id":55982,"date":"2026-04-02T16:18:00","date_gmt":"2026-04-02T14:18:00","guid":{"rendered":"https:\/\/studio.photrazz.net\/?p=55982"},"modified":"2026-04-02T17:36:44","modified_gmt":"2026-04-02T15:36:44","slug":"tremblois-les-rocroi","status":"publish","type":"post","link":"https:\/\/studio.photrazz.net\/?p=55982","title":{"rendered":"Tremblois-l\u00e8s-Rocroi"},"content":{"rendered":"<div class=\"pgc-sgb-cb wp-block-pgcsimplygalleryblock-masonry \" data-gallery-id=\"37e15852\"><div class=\"sgb-preloader\" id=\"pr_37e15852\">\n\t<div class=\"sgb-square\" style=\"background:#d4d4d4\"><\/div>\n\t<div class=\"sgb-square\" style=\"background:#d4d4d4\"><\/div>\n\t<div class=\"sgb-square\" style=\"background:#d4d4d4\"><\/div>\n\t<div class=\"sgb-square\" style=\"background:#d4d4d4\"><\/div><\/div><div class=\"simply-gallery-amp pgc_sgb_slider \"><noscript><div class=\"sgb-gallery\"><div class=\"sgb-item\"><a href=\"https:\/\/studio.photrazz.net\/?attachment_id=55984\" target=\"_blank\"><img decoding=\"async\" alt=\"VG68+9H Le Ch\u00e2telet-sur-Sormonne, France \/ 02-04-2026 14:28 \/ 7.23 \u00b0C en bewolkt \/ 345 m\" width=\"3024\" height=\"4032\" loading=\"lazy\" src=\"https:\/\/studio.photrazz.net\/wp-content\/uploads\/IMG_5752-rotated.jpeg\" srcset=\",https:\/\/studio.photrazz.net\/wp-content\/uploads\/IMG_5752-rotated.jpeg 3024w\" sizes=\"250px\"\/><\/a><div class=\"sgb-item-caption\"><em>VG68+9H Le Ch\u00e2telet-sur-Sormonne, France \/ 02-04-2026 14:28 \/ 7.23 \u00b0C en bewolkt \/ 345 m<\/em><\/div><\/div><div class=\"sgb-item\"><a href=\"https:\/\/studio.photrazz.net\/?attachment_id=55987\" target=\"_blank\"><img decoding=\"async\" alt=\"VGHG+GH Bourg-Fid\u00e8le, France \/ 02-04-2026 15:22 \/ 6.46 \u00b0C en lichte regen \/ 380 m\" width=\"4032\" height=\"3024\" loading=\"lazy\" src=\"https:\/\/studio.photrazz.net\/wp-content\/uploads\/IMG_5762.jpeg\" srcset=\",https:\/\/studio.photrazz.net\/wp-content\/uploads\/IMG_5762.jpeg 4032w\" sizes=\"250px\"\/><\/a><div class=\"sgb-item-caption\"><em>VGHG+GH Bourg-Fid\u00e8le, France \/ 02-04-2026 15:22 \/ 6.46 \u00b0C en lichte regen \/ 380 m<\/em><\/div><\/div><div class=\"sgb-item\"><a href=\"https:\/\/studio.photrazz.net\/?attachment_id=55989\" target=\"_blank\"><img decoding=\"async\" alt=\"VGGJ+5H Le Ch\u00e2telet-sur-Sormonne, France \/ 02-04-2026 15:30 \/ 5.98 \u00b0C en bewolkt \/ 375 m\" width=\"3024\" height=\"4032\" loading=\"lazy\" src=\"https:\/\/studio.photrazz.net\/wp-content\/uploads\/IMG_5766-rotated.jpeg\" srcset=\",https:\/\/studio.photrazz.net\/wp-content\/uploads\/IMG_5766-rotated.jpeg 3024w\" sizes=\"250px\"\/><\/a><div class=\"sgb-item-caption\"><em>VGGJ+5H Le Ch\u00e2telet-sur-Sormonne, France \/ 02-04-2026 15:30 \/ 5.98 \u00b0C en bewolkt \/ 375 m<\/em><\/div><\/div><div class=\"sgb-item\"><a href=\"https:\/\/studio.photrazz.net\/?attachment_id=55986\" target=\"_blank\"><img decoding=\"async\" alt=\"VG9C+PV Le Ch\u00e2telet-sur-Sormonne, France \/ 02-04-2026 14:46 \/ 6.63 \u00b0C en bewolkt \/ 351 m\" width=\"3024\" height=\"4032\" loading=\"lazy\" src=\"https:\/\/studio.photrazz.net\/wp-content\/uploads\/IMG_5761-1-rotated.jpeg\" srcset=\",https:\/\/studio.photrazz.net\/wp-content\/uploads\/IMG_5761-1-rotated.jpeg 3024w\" sizes=\"250px\"\/><\/a><div class=\"sgb-item-caption\"><em>VG9C+PV Le Ch\u00e2telet-sur-Sormonne, France \/ 02-04-2026 14:46 \/ 6.63 \u00b0C en bewolkt \/ 351 m<\/em><\/div><\/div><div class=\"sgb-item\"><a href=\"https:\/\/studio.photrazz.net\/?attachment_id=55988\" target=\"_blank\"><img decoding=\"async\" alt=\"VGHG+7X Bourg-Fid\u00e8le, France \/ 02-04-2026 15:23 \/ 6.4 \u00b0C en lichte regen \/ 383 m\" width=\"3024\" height=\"4032\" loading=\"lazy\" src=\"https:\/\/studio.photrazz.net\/wp-content\/uploads\/IMG_5763-1-rotated.jpeg\" srcset=\",https:\/\/studio.photrazz.net\/wp-content\/uploads\/IMG_5763-1-rotated.jpeg 3024w\" sizes=\"250px\"\/><\/a><div class=\"sgb-item-caption\"><em>VGHG+7X Bourg-Fid\u00e8le, France \/ 02-04-2026 15:23 \/ 6.4 \u00b0C en lichte regen \/ 383 m<\/em><\/div><\/div><div class=\"sgb-item\"><a href=\"https:\/\/studio.photrazz.net\/?attachment_id=55990\" target=\"_blank\"><img decoding=\"async\" alt=\"VG9F+HW Harcy, France \/ 02-04-2026 15:55 \/ 6.13 \u00b0C en bewolkt \/ 351 m\" width=\"4032\" height=\"3024\" loading=\"lazy\" src=\"https:\/\/studio.photrazz.net\/wp-content\/uploads\/IMG_5770.jpeg\" srcset=\",https:\/\/studio.photrazz.net\/wp-content\/uploads\/IMG_5770.jpeg 4032w\" sizes=\"250px\"\/><\/a><div class=\"sgb-item-caption\"><em>VG9F+HW Harcy, France \/ 02-04-2026 15:55 \/ 6.13 \u00b0C en bewolkt \/ 351 m<\/em><\/div><\/div><div class=\"sgb-item\"><a href=\"https:\/\/studio.photrazz.net\/?attachment_id=55985\" target=\"_blank\"><img decoding=\"async\" alt=\"VG79+2G Le Ch\u00e2telet-sur-Sormonne, France \/ 02-04-2026 14:32 \/ 6.68 \u00b0C en bewolkt \/ 349 m\" width=\"4032\" height=\"3024\" loading=\"lazy\" src=\"https:\/\/studio.photrazz.net\/wp-content\/uploads\/IMG_5755.jpeg\" srcset=\",https:\/\/studio.photrazz.net\/wp-content\/uploads\/IMG_5755.jpeg 4032w\" sizes=\"250px\"\/><\/a><div class=\"sgb-item-caption\"><em>VG79+2G Le Ch\u00e2telet-sur-Sormonne, France \/ 02-04-2026 14:32 \/ 6.68 \u00b0C en bewolkt \/ 349 m<\/em><\/div><\/div><div class=\"sgb-item\"><a href=\"https:\/\/studio.photrazz.net\/?attachment_id=55978\" target=\"_blank\"><img decoding=\"async\" alt=\"11 Bois de l&#039;\u00c9chelle, 08150 S\u00e9vigny-la-For\u00eat, France \/ 02-04-2026 14:06 \/ 7.71 \u00b0C en bewolkt \/ 292 m\" width=\"4032\" height=\"3024\" loading=\"lazy\" src=\"https:\/\/studio.photrazz.net\/wp-content\/uploads\/IMG_5750-1.jpeg\" srcset=\",https:\/\/studio.photrazz.net\/wp-content\/uploads\/IMG_5750-1.jpeg 4032w\" sizes=\"250px\"\/><\/a><div class=\"sgb-item-caption\"><em>11 Bois de l&#8217;\u00c9chelle, 08150 S\u00e9vigny-la-For\u00eat, France \/ 02-04-2026 14:06 \/ 7.71 \u00b0C en bewolkt \/ 292 m<\/em><\/div><\/div><\/div><\/noscript><\/div><script type=\"application\/json\" class=\"sgb-data\">{\"collectionColumns\":2,\"thumbSpacing\":16,\"externalLink\":false,\"collectionthumbHoverTitleFontSize\":10,\"collectionthumbHoverTitleTextBgColor\":\"rgba(0,0,0,0)\",\"collectionthumbHoverBgColor\":\"rgba(0,0,0,0)\",\"collectionThumbSubMenuDownload\":false,\"collectionThumbSubMenuShare\":false,\"isPremium\":true,\"galleryType\":\"pgc_sgb_masonry\",\"galleryId\":\"37e15852\",\"images\":[{\"id\":55984,\"title\":\"02-04-2026 14:28\",\"url\":\"https:\/\/studio.photrazz.net\/wp-content\/uploads\/IMG_5752-rotated.jpeg\",\"link\":\"https:\/\/studio.photrazz.net\/?attachment_id=55984\",\"alt\":\"VG68+9H Le Ch\u00e2telet-sur-Sormonne, France \/ 02-04-2026 14:28 \/ 7.23 \u00b0C en bewolkt \/ 345 m\",\"description\":\"\",\"caption\":\"VG68+9H Le Ch\u00e2telet-sur-Sormonne, France \/ 02-04-2026 14:28 \/ 7.23 \u00b0C en bewolkt \/ 345 m\",\"mime\":\"image\/jpeg\",\"type\":\"image\",\"width\":3024,\"height\":4032,\"sizes\":{\"full\":{\"url\":\"https:\/\/studio.photrazz.net\/wp-content\/uploads\/IMG_5752-rotated.jpeg\",\"height\":4032,\"width\":3024,\"orientation\":\"portrait\"}},\"imageMeta\":{\"aperture\":\"2.4\",\"credit\":\"\",\"camera\":\"iPhone 12\",\"caption\":\"\",\"created_timestamp\":\"1775140126\",\"copyright\":\"\",\"focal_length\":\"1.55\",\"iso\":\"200\",\"shutter_speed\":\"0.01010101010101\",\"title\":\"\",\"orientation\":1,\"keywords\":[]},\"meta\":false,\"postlink\":\"https:\/\/studio.photrazz.net\/?attachment_id=55984\"},{\"id\":55987,\"title\":\"02-04-2026 15:22\",\"url\":\"https:\/\/studio.photrazz.net\/wp-content\/uploads\/IMG_5762.jpeg\",\"link\":\"https:\/\/studio.photrazz.net\/?attachment_id=55987\",\"alt\":\"VGHG+GH Bourg-Fid\u00e8le, France \/ 02-04-2026 15:22 \/ 6.46 \u00b0C en lichte regen \/ 380 m\",\"description\":\"\",\"caption\":\"VGHG+GH Bourg-Fid\u00e8le, France \/ 02-04-2026 15:22 \/ 6.46 \u00b0C en lichte regen \/ 380 m\",\"mime\":\"image\/jpeg\",\"type\":\"image\",\"width\":4032,\"height\":3024,\"sizes\":{\"full\":{\"url\":\"https:\/\/studio.photrazz.net\/wp-content\/uploads\/IMG_5762.jpeg\",\"height\":3024,\"width\":4032,\"orientation\":\"landscape\"}},\"imageMeta\":{\"aperture\":\"1.6\",\"credit\":\"\",\"camera\":\"iPhone 12\",\"caption\":\"\",\"created_timestamp\":\"1775143322\",\"copyright\":\"\",\"focal_length\":\"4.2\",\"iso\":\"64\",\"shutter_speed\":\"0.0082644628099174\",\"title\":\"\",\"orientation\":\"1\",\"keywords\":[]},\"meta\":false,\"postlink\":\"https:\/\/studio.photrazz.net\/?attachment_id=55987\"},{\"id\":55989,\"title\":\"02-04-2026 15:30\",\"url\":\"https:\/\/studio.photrazz.net\/wp-content\/uploads\/IMG_5766-rotated.jpeg\",\"link\":\"https:\/\/studio.photrazz.net\/?attachment_id=55989\",\"alt\":\"VGGJ+5H Le Ch\u00e2telet-sur-Sormonne, France \/ 02-04-2026 15:30 \/ 5.98 \u00b0C en bewolkt \/ 375 m\",\"description\":\"\",\"caption\":\"VGGJ+5H Le Ch\u00e2telet-sur-Sormonne, France \/ 02-04-2026 15:30 \/ 5.98 \u00b0C en bewolkt \/ 375 m\",\"mime\":\"image\/jpeg\",\"type\":\"image\",\"width\":3024,\"height\":4032,\"sizes\":{\"full\":{\"url\":\"https:\/\/studio.photrazz.net\/wp-content\/uploads\/IMG_5766-rotated.jpeg\",\"height\":4032,\"width\":3024,\"orientation\":\"portrait\"}},\"imageMeta\":{\"aperture\":\"1.6\",\"credit\":\"\",\"camera\":\"iPhone 12\",\"caption\":\"\",\"created_timestamp\":\"1775143847\",\"copyright\":\"\",\"focal_length\":\"4.2\",\"iso\":\"32\",\"shutter_speed\":\"0.0082644628099174\",\"title\":\"\",\"orientation\":1,\"keywords\":[]},\"meta\":false,\"postlink\":\"https:\/\/studio.photrazz.net\/?attachment_id=55989\"},{\"id\":55986,\"title\":\"02-04-2026 14:46\",\"url\":\"https:\/\/studio.photrazz.net\/wp-content\/uploads\/IMG_5761-1-rotated.jpeg\",\"link\":\"https:\/\/studio.photrazz.net\/?attachment_id=55986\",\"alt\":\"VG9C+PV Le Ch\u00e2telet-sur-Sormonne, France \/ 02-04-2026 14:46 \/ 6.63 \u00b0C en bewolkt \/ 351 m\",\"description\":\"\",\"caption\":\"VG9C+PV Le Ch\u00e2telet-sur-Sormonne, France \/ 02-04-2026 14:46 \/ 6.63 \u00b0C en bewolkt \/ 351 m\",\"mime\":\"image\/jpeg\",\"type\":\"image\",\"width\":3024,\"height\":4032,\"sizes\":{\"full\":{\"url\":\"https:\/\/studio.photrazz.net\/wp-content\/uploads\/IMG_5761-1-rotated.jpeg\",\"height\":4032,\"width\":3024,\"orientation\":\"portrait\"}},\"imageMeta\":{\"aperture\":\"1.6\",\"credit\":\"\",\"camera\":\"iPhone 12\",\"caption\":\"\",\"created_timestamp\":\"1775141163\",\"copyright\":\"\",\"focal_length\":\"4.2\",\"iso\":\"32\",\"shutter_speed\":\"0.0008110300081103\",\"title\":\"\",\"orientation\":1,\"keywords\":[]},\"meta\":false,\"postlink\":\"https:\/\/studio.photrazz.net\/?attachment_id=55986\"},{\"id\":55988,\"title\":\"02-04-2026 15:23\",\"url\":\"https:\/\/studio.photrazz.net\/wp-content\/uploads\/IMG_5763-1-rotated.jpeg\",\"link\":\"https:\/\/studio.photrazz.net\/?attachment_id=55988\",\"alt\":\"VGHG+7X Bourg-Fid\u00e8le, France \/ 02-04-2026 15:23 \/ 6.4 \u00b0C en lichte regen \/ 383 m\",\"description\":\"\",\"caption\":\"VGHG+7X Bourg-Fid\u00e8le, France \/ 02-04-2026 15:23 \/ 6.4 \u00b0C en lichte regen \/ 383 m\",\"mime\":\"image\/jpeg\",\"type\":\"image\",\"width\":3024,\"height\":4032,\"sizes\":{\"full\":{\"url\":\"https:\/\/studio.photrazz.net\/wp-content\/uploads\/IMG_5763-1-rotated.jpeg\",\"height\":4032,\"width\":3024,\"orientation\":\"portrait\"}},\"imageMeta\":{\"aperture\":\"1.6\",\"credit\":\"\",\"camera\":\"iPhone 12\",\"caption\":\"\",\"created_timestamp\":\"1775143439\",\"copyright\":\"\",\"focal_length\":\"4.2\",\"iso\":\"100\",\"shutter_speed\":\"0.0082644628099174\",\"title\":\"\",\"orientation\":1,\"keywords\":[]},\"meta\":false,\"postlink\":\"https:\/\/studio.photrazz.net\/?attachment_id=55988\"},{\"id\":55990,\"title\":\"02-04-2026 15:55\",\"url\":\"https:\/\/studio.photrazz.net\/wp-content\/uploads\/IMG_5770.jpeg\",\"link\":\"https:\/\/studio.photrazz.net\/?attachment_id=55990\",\"alt\":\"VG9F+HW Harcy, France \/ 02-04-2026 15:55 \/ 6.13 \u00b0C en bewolkt \/ 351 m\",\"description\":\"\",\"caption\":\"VG9F+HW Harcy, France \/ 02-04-2026 15:55 \/ 6.13 \u00b0C en bewolkt \/ 351 m\",\"mime\":\"image\/jpeg\",\"type\":\"image\",\"width\":4032,\"height\":3024,\"sizes\":{\"full\":{\"url\":\"https:\/\/studio.photrazz.net\/wp-content\/uploads\/IMG_5770.jpeg\",\"height\":3024,\"width\":4032,\"orientation\":\"landscape\"}},\"imageMeta\":{\"aperture\":\"1.6\",\"credit\":\"\",\"camera\":\"iPhone 12\",\"caption\":\"\",\"created_timestamp\":\"1775145306\",\"copyright\":\"\",\"focal_length\":\"4.2\",\"iso\":\"32\",\"shutter_speed\":\"0.0082644628099174\",\"title\":\"\",\"orientation\":\"1\",\"keywords\":[]},\"meta\":false,\"postlink\":\"https:\/\/studio.photrazz.net\/?attachment_id=55990\"},{\"id\":55985,\"title\":\"02-04-2026 14:32\",\"url\":\"https:\/\/studio.photrazz.net\/wp-content\/uploads\/IMG_5755.jpeg\",\"link\":\"https:\/\/studio.photrazz.net\/?attachment_id=55985\",\"alt\":\"VG79+2G Le Ch\u00e2telet-sur-Sormonne, France \/ 02-04-2026 14:32 \/ 6.68 \u00b0C en bewolkt \/ 349 m\",\"description\":\"\",\"caption\":\"VG79+2G Le Ch\u00e2telet-sur-Sormonne, France \/ 02-04-2026 14:32 \/ 6.68 \u00b0C en bewolkt \/ 349 m\",\"mime\":\"image\/jpeg\",\"type\":\"image\",\"width\":4032,\"height\":3024,\"sizes\":{\"full\":{\"url\":\"https:\/\/studio.photrazz.net\/wp-content\/uploads\/IMG_5755.jpeg\",\"height\":3024,\"width\":4032,\"orientation\":\"landscape\"}},\"imageMeta\":{\"aperture\":\"2.4\",\"credit\":\"\",\"camera\":\"iPhone 12\",\"caption\":\"\",\"created_timestamp\":\"1775140354\",\"copyright\":\"\",\"focal_length\":\"1.55\",\"iso\":\"250\",\"shutter_speed\":\"0.01010101010101\",\"title\":\"\",\"orientation\":\"1\",\"keywords\":[]},\"meta\":false,\"postlink\":\"https:\/\/studio.photrazz.net\/?attachment_id=55985\"},{\"id\":55978,\"title\":\"02-04-2026 14:06\",\"url\":\"https:\/\/studio.photrazz.net\/wp-content\/uploads\/IMG_5750-1.jpeg\",\"link\":\"https:\/\/studio.photrazz.net\/?attachment_id=55978\",\"alt\":\"11 Bois de l\\u0026#039;\u00c9chelle, 08150 S\u00e9vigny-la-For\u00eat, France \/ 02-04-2026 14:06 \/ 7.71 \u00b0C en bewolkt \/ 292 m\",\"description\":\"\",\"caption\":\"11 Bois de l'\u00c9chelle, 08150 S\u00e9vigny-la-For\u00eat, France \/ 02-04-2026 14:06 \/ 7.71 \u00b0C en bewolkt \/ 292 m\",\"mime\":\"image\/jpeg\",\"type\":\"image\",\"width\":4032,\"height\":3024,\"sizes\":{\"full\":{\"url\":\"https:\/\/studio.photrazz.net\/wp-content\/uploads\/IMG_5750-1.jpeg\",\"height\":3024,\"width\":4032,\"orientation\":\"landscape\"}},\"imageMeta\":{\"aperture\":\"1.6\",\"credit\":\"\",\"camera\":\"iPhone 12\",\"caption\":\"\",\"created_timestamp\":\"1775138793\",\"copyright\":\"\",\"focal_length\":\"4.2\",\"iso\":\"32\",\"shutter_speed\":\"0.0018181818181818\",\"title\":\"\",\"orientation\":\"1\",\"keywords\":[]},\"meta\":false,\"postlink\":\"https:\/\/studio.photrazz.net\/?attachment_id=55978\"}],\"useClobalSettings\":true,\"lazyLoading\":false,\"galleryBgColor\":\"rgba(63,58,58,1)\",\"shareFacebook\":false,\"shareTwitter\":false,\"sharePinterest\":false,\"sliderItemDownload\":false,\"shareCopyLink\":false,\"sliderItemCounterEnable\":false,\"sliderItemTitleFontSize\":24,\"sliderThumbBarEnable\":false,\"sliderBgColor\":\"rgba(63,58,58,1)\",\"sliderHeaderFooterBgColor\":\"rgba(63,58,58,1)\",\"sliderSocialShareEnabled\":false,\"itemsMetaDataCollection\":[]}<\/script><script>(function(){if(window.PGC_SGB && window.PGC_SGB.searcher){window.PGC_SGB.searcher.initBlocks()}})()<\/script><\/div>","protected":false},"excerpt":{"rendered":"<p><img decoding=\"async\" src=\"https:\/\/flagcdn.com\/84x63\/fr.png\"><\/p>\n","protected":false},"author":1,"featured_media":55981,"comment_status":"closed","ping_status":"open","sticky":false,"template":"","format":"image","meta":{"_acf_changed":false,"_et_pb_use_builder":"","_et_pb_old_content":"","_et_gb_content_width":"","pgc_sgb_lightbox_settings":"","footnotes":""},"categories":[4209],"tags":[2967],"class_list":["post-55982","post","type-post","status-publish","format-image","has-post-thumbnail","hentry","category-camperd6","tag-filleafletgalerijenshortcodes","post_format-post-format-image"],"acf":[],"_links":{"self":[{"href":"https:\/\/studio.photrazz.net\/index.php?rest_route=\/wp\/v2\/posts\/55982","targetHints":{"allow":["GET"]}}],"collection":[{"href":"https:\/\/studio.photrazz.net\/index.php?rest_route=\/wp\/v2\/posts"}],"about":[{"href":"https:\/\/studio.photrazz.net\/index.php?rest_route=\/wp\/v2\/types\/post"}],"author":[{"embeddable":true,"href":"https:\/\/studio.photrazz.net\/index.php?rest_route=\/wp\/v2\/users\/1"}],"replies":[{"embeddable":true,"href":"https:\/\/studio.photrazz.net\/index.php?rest_route=%2Fwp%2Fv2%2Fcomments&post=55982"}],"version-history":[{"count":2,"href":"https:\/\/studio.photrazz.net\/index.php?rest_route=\/wp\/v2\/posts\/55982\/revisions"}],"predecessor-version":[{"id":55999,"href":"https:\/\/studio.photrazz.net\/index.php?rest_route=\/wp\/v2\/posts\/55982\/revisions\/55999"}],"wp:featuredmedia":[{"embeddable":true,"href":"https:\/\/studio.photrazz.net\/index.php?rest_route=\/wp\/v2\/media\/55981"}],"wp:attachment":[{"href":"https:\/\/studio.photrazz.net\/index.php?rest_route=%2Fwp%2Fv2%2Fmedia&parent=55982"}],"wp:term":[{"taxonomy":"category","embeddable":true,"href":"https:\/\/studio.photrazz.net\/index.php?rest_route=%2Fwp%2Fv2%2Fcategories&post=55982"},{"taxonomy":"post_tag","embeddable":true,"href":"https:\/\/studio.photrazz.net\/index.php?rest_route=%2Fwp%2Fv2%2Ftags&post=55982"}],"curies":[{"name":"wp","href":"https:\/\/api.w.org\/{rel}","templated":true}]}}